{"id":6330,"date":"2024-07-01T12:51:12","date_gmt":"2024-07-01T12:51:12","guid":{"rendered":"https:\/\/ncsgroup.eu\/parizes-notre-dame-katedralei-pieskirts-pefc-projekta-sertifikats\/"},"modified":"2024-09-20T14:04:03","modified_gmt":"2024-09-20T14:04:03","slug":"parizes-notre-dame-katedralei-pieskirts-pefc-projekta-sertifikats","status":"publish","type":"post","link":"https:\/\/ncsgroup.eu\/lv\/parizes-notre-dame-katedralei-pieskirts-pefc-projekta-sertifikats\/","title":{"rendered":"PAR\u012aZES NOTRE-DAME KATEDR\u0100LEI PIE\u0160\u0136IRTS PEFC PROJEKTA"},"content":{"rendered":"\t\t<div data-elementor-type=\"wp-post\" data-elementor-id=\"6330\" class=\"elementor elementor-6330 elementor-6314\" data-elementor-post-type=\"post\">\n\t\t\t\t<div class=\"elementor-element elementor-element-7a769be8 e-flex e-con-boxed e-con e-parent\" data-id=\"7a769be8\" data-element_type=\"container\" data-e-type=\"container\">\n\t\t\t\t\t<div class=\"e-con-inner\">\n\t\t\t\t<div class=\"elementor-element elementor-element-c228258 elementor-widget elementor-widget-image\" data-id=\"c228258\" data-element_type=\"widget\" data-e-type=\"widget\" data-widget_type=\"image.default\">\n\t\t\t\t<div class=\"elementor-widget-container\">\n\t\t\t\t\t\t\t\t\t\t\t\t\t\t\t<img fetchpriority=\"high\" decoding=\"async\" width=\"1024\" height=\"642\" src=\"https:\/\/ncsgroup.eu\/wp-content\/uploads\/2024\/07\/post-1_image0-51-1024x642.jpg\" class=\"attachment-large size-large wp-image-6317\" alt=\"\" srcset=\"https:\/\/ncsgroup.eu\/wp-content\/uploads\/2024\/07\/post-1_image0-51-1024x642.jpg 1024w, https:\/\/ncsgroup.eu\/wp-content\/uploads\/2024\/07\/post-1_image0-51-300x188.jpg 300w, https:\/\/ncsgroup.eu\/wp-content\/uploads\/2024\/07\/post-1_image0-51-768x482.jpg 768w, https:\/\/ncsgroup.eu\/wp-content\/uploads\/2024\/07\/post-1_image0-51-1536x963.jpg 1536w, https:\/\/ncsgroup.eu\/wp-content\/uploads\/2024\/07\/post-1_image0-51-2048x1284.jpg 2048w\" sizes=\"(max-width: 1024px) 100vw, 1024px\" \/>\t\t\t\t\t\t\t\t\t\t\t\t\t\t\t<\/div>\n\t\t\t\t<\/div>\n\t\t\t\t<div class=\"elementor-element elementor-element-819e1c2 elementor-widget elementor-widget-heading\" data-id=\"819e1c2\" data-element_type=\"widget\" data-e-type=\"widget\" data-widget_type=\"heading.default\">\n\t\t\t\t<div class=\"elementor-widget-container\">\n\t\t\t\t\t<h2 class=\"elementor-heading-title elementor-size-default\">PAR\u012aZES NOTRE-DAME KATEDR\u0100LEI PIE\u0160\u0136IRTS PEFC PROJEKTA<\/h2>\t\t\t\t<\/div>\n\t\t\t\t<\/div>\n\t\t\t\t<div class=\"elementor-element elementor-element-5ff3dfdf elementor-widget elementor-widget-text-editor\" data-id=\"5ff3dfdf\" data-element_type=\"widget\" data-e-type=\"widget\" data-widget_type=\"text-editor.default\">\n\t\t\t\t<div class=\"elementor-widget-container\">\n\t\t\t\t\t\t\t\t\t<p>2019. gada 15. apr\u012bl\u012b Notre-Dame katedr\u0101li smagi sk\u0101ra ugunsgr\u0113ks. Ugunsgr\u0113ks izn\u012bcin\u0101ja 13. gadsimta zvanu tor\u0146a un kora b\u0113ni\u0146u viduslaiku karkasu, k\u0101 ar\u012b 19. gadsimta Viollet-le-Duc torni un transeptu. Nedaudz vair\u0101k nek\u0101 piecus gadus p\u0113c posto\u0161\u0101 ugunsgr\u0113ka PEFC pie\u0161\u0137\u012bra PEFC projekta sertifik\u0101tu Reb\u00e2tir Notre-Dame de Paris, Francijas katedr\u0101les atjauno\u0161anas projekta \u012bstenot\u0101jam.<\/p>\n<p>Projekta sertifik\u0101ts apliecina restaur\u0101cijai izmantot\u0101s koksnes leg\u0101lu izcelsmi un atbild\u012bgu, ilgtsp\u0113j\u012bgu darbu raksturu.<\/p>\n<p>Vis\u0101 Francij\u0101 me\u017esaimniec\u012bbas un kokr\u016bpniec\u012bbas nozares str\u0101d\u0101ja kop\u0101, lai nodro\u0161in\u0101tu, ka katr\u0101 restaur\u0101cijas darbu posm\u0101 tiek iev\u0113rota ilgtsp\u0113j\u012bga me\u017ea apsaimnieko\u0161anas pieeja, lai saglab\u0101tu me\u017ea ekonomisko, soci\u0101lo un vides l\u012bdzsvaru.<\/p>\n<p>Vair\u0101k lasiet <a href=\"https:\/\/pefc.org\/news\/rebatir-notre-dame-de-paris-receives-pefc-project-certification-certifying-the-sustainability-of-the-solid-oak-used-to-rebuild-the-cathedrals-roof-structures\">\u0161eit<\/a>.<\/p>\n\t\t\t\t\t\t\t\t<\/div>\n\t\t\t\t<\/div>\n\t\t\t\t\t<\/div>\n\t\t\t\t<\/div>\n\t\t\t\t<\/div>\n\t\t","protected":false},"excerpt":{"rendered":"<p>PAR\u012aZES NOTRE-DAME KATEDR\u0100LEI PIE\u0160\u0136IRTS PEFC PROJEKTA 2019. gada 15. apr\u012bl\u012b Notre-Dame katedr\u0101li smagi sk\u0101ra ugunsgr\u0113ks. Ugunsgr\u0113ks izn\u012bcin\u0101ja 13. gadsimta zvanu tor\u0146a un kora b\u0113ni\u0146u viduslaiku karkasu, k\u0101 ar\u012b 19. gadsimta Viollet-le-Duc torni un transeptu. Nedaudz vair\u0101k nek\u0101 piecus gadus p\u0113c posto\u0161\u0101 ugunsgr\u0113ka PEFC pie\u0161\u0137\u012bra PEFC projekta sertifik\u0101tu Reb\u00e2tir Notre-Dame de Paris, Francijas katedr\u0101les atjauno\u0161anas projekta [&hellip;]<\/p>\n","protected":false},"author":5,"featured_media":6317,"comment_status":"closed","ping_status":"closed","sticky":false,"template":"","format":"standard","meta":{"site-sidebar-layout":"default","site-content-layout":"","ast-site-content-layout":"default","site-content-style":"default","site-sidebar-style":"default","ast-global-header-display":"","ast-banner-title-visibility":"disabled","ast-main-header-display":"","ast-hfb-above-header-display":"","ast-hfb-below-header-display":"","ast-hfb-mobile-header-display":"","site-post-title":"","ast-breadcrumbs-content":"","ast-featured-img":"","footer-sml-layout":"","ast-disable-related-posts":"","theme-transparent-header-meta":"default","adv-header-id-meta":"","stick-header-meta":"default","header-above-stick-meta":"","header-main-stick-meta":"","header-below-stick-meta":"","astra-migrate-meta-layouts":"set","ast-page-background-enabled":"default","ast-page-background-meta":{"desktop":{"background-color":"","background-image":"","background-repeat":"repeat","background-position":"center center","background-size":"auto","background-attachment":"scroll","background-type":"","background-media":"","overlay-type":"","overlay-color":"","overlay-opacity":"","overlay-gradient":""},"tablet":{"background-color":"","background-image":"","background-repeat":"repeat","background-position":"center center","background-size":"auto","background-attachment":"scroll","background-type":"","background-media":"","overlay-type":"","overlay-color":"","overlay-opacity":"","overlay-gradient":""},"mobile":{"background-color":"","background-image":"","background-repeat":"repeat","background-position":"center center","background-size":"auto","background-attachment":"scroll","background-type":"","background-media":"","overlay-type":"","overlay-color":"","overlay-opacity":"","overlay-gradient":""}},"ast-content-background-meta":{"desktop":{"background-color":"var(--ast-global-color-5)","background-image":"","background-repeat":"repeat","background-position":"center center","background-size":"auto","background-attachment":"scroll","background-type":"","background-media":"","overlay-type":"","overlay-color":"","overlay-opacity":"","overlay-gradient":""},"tablet":{"background-color":"var(--ast-global-color-5)","background-image":"","background-repeat":"repeat","background-position":"center center","background-size":"auto","background-attachment":"scroll","background-type":"","background-media":"","overlay-type":"","overlay-color":"","overlay-opacity":"","overlay-gradient":""},"mobile":{"background-color":"var(--ast-global-color-5)","background-image":"","background-repeat":"repeat","background-position":"center center","background-size":"auto","background-attachment":"scroll","background-type":"","background-media":"","overlay-type":"","overlay-color":"","overlay-opacity":"","overlay-gradient":""}},"footnotes":""},"categories":[10],"tags":[],"class_list":["post-6330","post","type-post","status-publish","format-standard","has-post-thumbnail","hentry","category-uncategorized-lv"],"yoast_head":"<!-- This site is optimized with the Yoast SEO plugin v27.5 - https:\/\/yoast.com\/product\/yoast-seo-wordpress\/ -->\n<title>PAR\u012aZES NOTRE-DAME KATEDR\u0100LEI PIE\u0160\u0136IRTS PEFC PROJEKTA | NCS Estonia<\/title>\n<meta name=\"robots\" content=\"index, follow, max-snippet:-1, max-image-preview:large, max-video-preview:-1\" \/>\n<link rel=\"canonical\" href=\"https:\/\/ncsgroup.eu\/lv\/parizes-notre-dame-katedralei-pieskirts-pefc-projekta-sertifikats\/\" \/>\n<meta property=\"og:locale\" content=\"lv_LV\" \/>\n<meta property=\"og:type\" content=\"article\" \/>\n<meta property=\"og:title\" content=\"PAR\u012aZES NOTRE-DAME KATEDR\u0100LEI PIE\u0160\u0136IRTS PEFC PROJEKTA | NCS Estonia\" \/>\n<meta property=\"og:description\" content=\"PAR\u012aZES NOTRE-DAME KATEDR\u0100LEI PIE\u0160\u0136IRTS PEFC PROJEKTA 2019. gada 15. apr\u012bl\u012b Notre-Dame katedr\u0101li smagi sk\u0101ra ugunsgr\u0113ks. Ugunsgr\u0113ks izn\u012bcin\u0101ja 13. gadsimta zvanu tor\u0146a un kora b\u0113ni\u0146u viduslaiku karkasu, k\u0101 ar\u012b 19. gadsimta Viollet-le-Duc torni un transeptu. Nedaudz vair\u0101k nek\u0101 piecus gadus p\u0113c posto\u0161\u0101 ugunsgr\u0113ka PEFC pie\u0161\u0137\u012bra PEFC projekta sertifik\u0101tu Reb\u00e2tir Notre-Dame de Paris, Francijas katedr\u0101les atjauno\u0161anas projekta [&hellip;]\" \/>\n<meta property=\"og:url\" content=\"https:\/\/ncsgroup.eu\/lv\/parizes-notre-dame-katedralei-pieskirts-pefc-projekta-sertifikats\/\" \/>\n<meta property=\"og:site_name\" content=\"NCS Estonia\" \/>\n<meta property=\"article:published_time\" content=\"2024-07-01T12:51:12+00:00\" \/>\n<meta property=\"article:modified_time\" content=\"2024-09-20T14:04:03+00:00\" \/>\n<meta property=\"og:image\" content=\"https:\/\/ncsgroup.eu\/wp-content\/uploads\/2024\/07\/post-1_image0-51-scaled.jpg\" \/>\n\t<meta property=\"og:image:width\" content=\"2560\" \/>\n\t<meta property=\"og:image:height\" content=\"1605\" \/>\n\t<meta property=\"og:image:type\" content=\"image\/jpeg\" \/>\n<meta name=\"author\" content=\"NCS Group\" \/>\n<meta name=\"twitter:card\" content=\"summary_large_image\" \/>\n<meta name=\"twitter:label1\" content=\"Written by\" \/>\n\t<meta name=\"twitter:data1\" content=\"NCS Group\" \/>\n\t<meta name=\"twitter:label2\" content=\"Est. reading time\" \/>\n\t<meta name=\"twitter:data2\" content=\"1 minute\" \/>\n<script type=\"application\/ld+json\" class=\"yoast-schema-graph\">{\"@context\":\"https:\\\/\\\/schema.org\",\"@graph\":[{\"@type\":\"Article\",\"@id\":\"https:\\\/\\\/ncsgroup.eu\\\/lv\\\/parizes-notre-dame-katedralei-pieskirts-pefc-projekta-sertifikats\\\/#article\",\"isPartOf\":{\"@id\":\"https:\\\/\\\/ncsgroup.eu\\\/lv\\\/parizes-notre-dame-katedralei-pieskirts-pefc-projekta-sertifikats\\\/\"},\"author\":{\"name\":\"NCS Group\",\"@id\":\"https:\\\/\\\/ncsgroup.eu\\\/lv\\\/#\\\/schema\\\/person\\\/e5c0bf04520d30ef1de851bf213a7213\"},\"headline\":\"PAR\u012aZES NOTRE-DAME KATEDR\u0100LEI PIE\u0160\u0136IRTS PEFC PROJEKTA\",\"datePublished\":\"2024-07-01T12:51:12+00:00\",\"dateModified\":\"2024-09-20T14:04:03+00:00\",\"mainEntityOfPage\":{\"@id\":\"https:\\\/\\\/ncsgroup.eu\\\/lv\\\/parizes-notre-dame-katedralei-pieskirts-pefc-projekta-sertifikats\\\/\"},\"wordCount\":154,\"publisher\":{\"@id\":\"https:\\\/\\\/ncsgroup.eu\\\/lv\\\/#organization\"},\"image\":{\"@id\":\"https:\\\/\\\/ncsgroup.eu\\\/lv\\\/parizes-notre-dame-katedralei-pieskirts-pefc-projekta-sertifikats\\\/#primaryimage\"},\"thumbnailUrl\":\"https:\\\/\\\/ncsgroup.eu\\\/wp-content\\\/uploads\\\/2024\\\/07\\\/post-1_image0-51-scaled.jpg\",\"articleSection\":[\"Uncategorized @lv\"],\"inLanguage\":\"lv-LV\"},{\"@type\":\"WebPage\",\"@id\":\"https:\\\/\\\/ncsgroup.eu\\\/lv\\\/parizes-notre-dame-katedralei-pieskirts-pefc-projekta-sertifikats\\\/\",\"url\":\"https:\\\/\\\/ncsgroup.eu\\\/lv\\\/parizes-notre-dame-katedralei-pieskirts-pefc-projekta-sertifikats\\\/\",\"name\":\"PAR\u012aZES NOTRE-DAME KATEDR\u0100LEI PIE\u0160\u0136IRTS PEFC PROJEKTA | NCS Estonia\",\"isPartOf\":{\"@id\":\"https:\\\/\\\/ncsgroup.eu\\\/lv\\\/#website\"},\"primaryImageOfPage\":{\"@id\":\"https:\\\/\\\/ncsgroup.eu\\\/lv\\\/parizes-notre-dame-katedralei-pieskirts-pefc-projekta-sertifikats\\\/#primaryimage\"},\"image\":{\"@id\":\"https:\\\/\\\/ncsgroup.eu\\\/lv\\\/parizes-notre-dame-katedralei-pieskirts-pefc-projekta-sertifikats\\\/#primaryimage\"},\"thumbnailUrl\":\"https:\\\/\\\/ncsgroup.eu\\\/wp-content\\\/uploads\\\/2024\\\/07\\\/post-1_image0-51-scaled.jpg\",\"datePublished\":\"2024-07-01T12:51:12+00:00\",\"dateModified\":\"2024-09-20T14:04:03+00:00\",\"breadcrumb\":{\"@id\":\"https:\\\/\\\/ncsgroup.eu\\\/lv\\\/parizes-notre-dame-katedralei-pieskirts-pefc-projekta-sertifikats\\\/#breadcrumb\"},\"inLanguage\":\"lv-LV\",\"potentialAction\":[{\"@type\":\"ReadAction\",\"target\":[\"https:\\\/\\\/ncsgroup.eu\\\/lv\\\/parizes-notre-dame-katedralei-pieskirts-pefc-projekta-sertifikats\\\/\"]}]},{\"@type\":\"ImageObject\",\"inLanguage\":\"lv-LV\",\"@id\":\"https:\\\/\\\/ncsgroup.eu\\\/lv\\\/parizes-notre-dame-katedralei-pieskirts-pefc-projekta-sertifikats\\\/#primaryimage\",\"url\":\"https:\\\/\\\/ncsgroup.eu\\\/wp-content\\\/uploads\\\/2024\\\/07\\\/post-1_image0-51-scaled.jpg\",\"contentUrl\":\"https:\\\/\\\/ncsgroup.eu\\\/wp-content\\\/uploads\\\/2024\\\/07\\\/post-1_image0-51-scaled.jpg\",\"width\":2560,\"height\":1605},{\"@type\":\"BreadcrumbList\",\"@id\":\"https:\\\/\\\/ncsgroup.eu\\\/lv\\\/parizes-notre-dame-katedralei-pieskirts-pefc-projekta-sertifikats\\\/#breadcrumb\",\"itemListElement\":[{\"@type\":\"ListItem\",\"position\":1,\"name\":\"Home\",\"item\":\"https:\\\/\\\/ncsgroup.eu\\\/lv\\\/\"},{\"@type\":\"ListItem\",\"position\":2,\"name\":\"PAR\u012aZES NOTRE-DAME KATEDR\u0100LEI PIE\u0160\u0136IRTS PEFC PROJEKTA\"}]},{\"@type\":\"WebSite\",\"@id\":\"https:\\\/\\\/ncsgroup.eu\\\/lv\\\/#website\",\"url\":\"https:\\\/\\\/ncsgroup.eu\\\/lv\\\/\",\"name\":\"NCS Estonia\",\"description\":\"\",\"publisher\":{\"@id\":\"https:\\\/\\\/ncsgroup.eu\\\/lv\\\/#organization\"},\"potentialAction\":[{\"@type\":\"SearchAction\",\"target\":{\"@type\":\"EntryPoint\",\"urlTemplate\":\"https:\\\/\\\/ncsgroup.eu\\\/lv\\\/?s={search_term_string}\"},\"query-input\":{\"@type\":\"PropertyValueSpecification\",\"valueRequired\":true,\"valueName\":\"search_term_string\"}}],\"inLanguage\":\"lv-LV\"},{\"@type\":\"Organization\",\"@id\":\"https:\\\/\\\/ncsgroup.eu\\\/lv\\\/#organization\",\"name\":\"NCS Estonia\",\"url\":\"https:\\\/\\\/ncsgroup.eu\\\/lv\\\/\",\"logo\":{\"@type\":\"ImageObject\",\"inLanguage\":\"lv-LV\",\"@id\":\"https:\\\/\\\/ncsgroup.eu\\\/lv\\\/#\\\/schema\\\/logo\\\/image\\\/\",\"url\":\"https:\\\/\\\/ncsgroup.eu\\\/wp-content\\\/uploads\\\/2024\\\/05\\\/NCS-logo-valge-02.png\",\"contentUrl\":\"https:\\\/\\\/ncsgroup.eu\\\/wp-content\\\/uploads\\\/2024\\\/05\\\/NCS-logo-valge-02.png\",\"width\":3408,\"height\":3239,\"caption\":\"NCS Estonia\"},\"image\":{\"@id\":\"https:\\\/\\\/ncsgroup.eu\\\/lv\\\/#\\\/schema\\\/logo\\\/image\\\/\"}},{\"@type\":\"Person\",\"@id\":\"https:\\\/\\\/ncsgroup.eu\\\/lv\\\/#\\\/schema\\\/person\\\/e5c0bf04520d30ef1de851bf213a7213\",\"name\":\"NCS Group\",\"image\":{\"@type\":\"ImageObject\",\"inLanguage\":\"lv-LV\",\"@id\":\"https:\\\/\\\/secure.gravatar.com\\\/avatar\\\/67a23684791b50bc1027ff7e22bc8d17703726008e0c4a06ec0d80177d1c8085?s=96&d=mm&r=g\",\"url\":\"https:\\\/\\\/secure.gravatar.com\\\/avatar\\\/67a23684791b50bc1027ff7e22bc8d17703726008e0c4a06ec0d80177d1c8085?s=96&d=mm&r=g\",\"contentUrl\":\"https:\\\/\\\/secure.gravatar.com\\\/avatar\\\/67a23684791b50bc1027ff7e22bc8d17703726008e0c4a06ec0d80177d1c8085?s=96&d=mm&r=g\",\"caption\":\"NCS Group\"},\"url\":\"https:\\\/\\\/ncsgroup.eu\\\/lv\\\/author\\\/ncs-group\\\/\"}]}<\/script>\n<!-- \/ Yoast SEO plugin. -->","yoast_head_json":{"title":"PAR\u012aZES NOTRE-DAME KATEDR\u0100LEI PIE\u0160\u0136IRTS PEFC PROJEKTA | NCS Estonia","robots":{"index":"index","follow":"follow","max-snippet":"max-snippet:-1","max-image-preview":"max-image-preview:large","max-video-preview":"max-video-preview:-1"},"canonical":"https:\/\/ncsgroup.eu\/lv\/parizes-notre-dame-katedralei-pieskirts-pefc-projekta-sertifikats\/","og_locale":"lv_LV","og_type":"article","og_title":"PAR\u012aZES NOTRE-DAME KATEDR\u0100LEI PIE\u0160\u0136IRTS PEFC PROJEKTA | NCS Estonia","og_description":"PAR\u012aZES NOTRE-DAME KATEDR\u0100LEI PIE\u0160\u0136IRTS PEFC PROJEKTA 2019. gada 15. apr\u012bl\u012b Notre-Dame katedr\u0101li smagi sk\u0101ra ugunsgr\u0113ks. Ugunsgr\u0113ks izn\u012bcin\u0101ja 13. gadsimta zvanu tor\u0146a un kora b\u0113ni\u0146u viduslaiku karkasu, k\u0101 ar\u012b 19. gadsimta Viollet-le-Duc torni un transeptu. Nedaudz vair\u0101k nek\u0101 piecus gadus p\u0113c posto\u0161\u0101 ugunsgr\u0113ka PEFC pie\u0161\u0137\u012bra PEFC projekta sertifik\u0101tu Reb\u00e2tir Notre-Dame de Paris, Francijas katedr\u0101les atjauno\u0161anas projekta [&hellip;]","og_url":"https:\/\/ncsgroup.eu\/lv\/parizes-notre-dame-katedralei-pieskirts-pefc-projekta-sertifikats\/","og_site_name":"NCS Estonia","article_published_time":"2024-07-01T12:51:12+00:00","article_modified_time":"2024-09-20T14:04:03+00:00","og_image":[{"width":2560,"height":1605,"url":"https:\/\/ncsgroup.eu\/wp-content\/uploads\/2024\/07\/post-1_image0-51-scaled.jpg","type":"image\/jpeg"}],"author":"NCS Group","twitter_card":"summary_large_image","twitter_misc":{"Written by":"NCS Group","Est. reading time":"1 minute"},"schema":{"@context":"https:\/\/schema.org","@graph":[{"@type":"Article","@id":"https:\/\/ncsgroup.eu\/lv\/parizes-notre-dame-katedralei-pieskirts-pefc-projekta-sertifikats\/#article","isPartOf":{"@id":"https:\/\/ncsgroup.eu\/lv\/parizes-notre-dame-katedralei-pieskirts-pefc-projekta-sertifikats\/"},"author":{"name":"NCS Group","@id":"https:\/\/ncsgroup.eu\/lv\/#\/schema\/person\/e5c0bf04520d30ef1de851bf213a7213"},"headline":"PAR\u012aZES NOTRE-DAME KATEDR\u0100LEI PIE\u0160\u0136IRTS PEFC PROJEKTA","datePublished":"2024-07-01T12:51:12+00:00","dateModified":"2024-09-20T14:04:03+00:00","mainEntityOfPage":{"@id":"https:\/\/ncsgroup.eu\/lv\/parizes-notre-dame-katedralei-pieskirts-pefc-projekta-sertifikats\/"},"wordCount":154,"publisher":{"@id":"https:\/\/ncsgroup.eu\/lv\/#organization"},"image":{"@id":"https:\/\/ncsgroup.eu\/lv\/parizes-notre-dame-katedralei-pieskirts-pefc-projekta-sertifikats\/#primaryimage"},"thumbnailUrl":"https:\/\/ncsgroup.eu\/wp-content\/uploads\/2024\/07\/post-1_image0-51-scaled.jpg","articleSection":["Uncategorized @lv"],"inLanguage":"lv-LV"},{"@type":"WebPage","@id":"https:\/\/ncsgroup.eu\/lv\/parizes-notre-dame-katedralei-pieskirts-pefc-projekta-sertifikats\/","url":"https:\/\/ncsgroup.eu\/lv\/parizes-notre-dame-katedralei-pieskirts-pefc-projekta-sertifikats\/","name":"PAR\u012aZES NOTRE-DAME KATEDR\u0100LEI PIE\u0160\u0136IRTS PEFC PROJEKTA | NCS Estonia","isPartOf":{"@id":"https:\/\/ncsgroup.eu\/lv\/#website"},"primaryImageOfPage":{"@id":"https:\/\/ncsgroup.eu\/lv\/parizes-notre-dame-katedralei-pieskirts-pefc-projekta-sertifikats\/#primaryimage"},"image":{"@id":"https:\/\/ncsgroup.eu\/lv\/parizes-notre-dame-katedralei-pieskirts-pefc-projekta-sertifikats\/#primaryimage"},"thumbnailUrl":"https:\/\/ncsgroup.eu\/wp-content\/uploads\/2024\/07\/post-1_image0-51-scaled.jpg","datePublished":"2024-07-01T12:51:12+00:00","dateModified":"2024-09-20T14:04:03+00:00","breadcrumb":{"@id":"https:\/\/ncsgroup.eu\/lv\/parizes-notre-dame-katedralei-pieskirts-pefc-projekta-sertifikats\/#breadcrumb"},"inLanguage":"lv-LV","potentialAction":[{"@type":"ReadAction","target":["https:\/\/ncsgroup.eu\/lv\/parizes-notre-dame-katedralei-pieskirts-pefc-projekta-sertifikats\/"]}]},{"@type":"ImageObject","inLanguage":"lv-LV","@id":"https:\/\/ncsgroup.eu\/lv\/parizes-notre-dame-katedralei-pieskirts-pefc-projekta-sertifikats\/#primaryimage","url":"https:\/\/ncsgroup.eu\/wp-content\/uploads\/2024\/07\/post-1_image0-51-scaled.jpg","contentUrl":"https:\/\/ncsgroup.eu\/wp-content\/uploads\/2024\/07\/post-1_image0-51-scaled.jpg","width":2560,"height":1605},{"@type":"BreadcrumbList","@id":"https:\/\/ncsgroup.eu\/lv\/parizes-notre-dame-katedralei-pieskirts-pefc-projekta-sertifikats\/#breadcrumb","itemListElement":[{"@type":"ListItem","position":1,"name":"Home","item":"https:\/\/ncsgroup.eu\/lv\/"},{"@type":"ListItem","position":2,"name":"PAR\u012aZES NOTRE-DAME KATEDR\u0100LEI PIE\u0160\u0136IRTS PEFC PROJEKTA"}]},{"@type":"WebSite","@id":"https:\/\/ncsgroup.eu\/lv\/#website","url":"https:\/\/ncsgroup.eu\/lv\/","name":"NCS Estonia","description":"","publisher":{"@id":"https:\/\/ncsgroup.eu\/lv\/#organization"},"potentialAction":[{"@type":"SearchAction","target":{"@type":"EntryPoint","urlTemplate":"https:\/\/ncsgroup.eu\/lv\/?s={search_term_string}"},"query-input":{"@type":"PropertyValueSpecification","valueRequired":true,"valueName":"search_term_string"}}],"inLanguage":"lv-LV"},{"@type":"Organization","@id":"https:\/\/ncsgroup.eu\/lv\/#organization","name":"NCS Estonia","url":"https:\/\/ncsgroup.eu\/lv\/","logo":{"@type":"ImageObject","inLanguage":"lv-LV","@id":"https:\/\/ncsgroup.eu\/lv\/#\/schema\/logo\/image\/","url":"https:\/\/ncsgroup.eu\/wp-content\/uploads\/2024\/05\/NCS-logo-valge-02.png","contentUrl":"https:\/\/ncsgroup.eu\/wp-content\/uploads\/2024\/05\/NCS-logo-valge-02.png","width":3408,"height":3239,"caption":"NCS Estonia"},"image":{"@id":"https:\/\/ncsgroup.eu\/lv\/#\/schema\/logo\/image\/"}},{"@type":"Person","@id":"https:\/\/ncsgroup.eu\/lv\/#\/schema\/person\/e5c0bf04520d30ef1de851bf213a7213","name":"NCS Group","image":{"@type":"ImageObject","inLanguage":"lv-LV","@id":"https:\/\/secure.gravatar.com\/avatar\/67a23684791b50bc1027ff7e22bc8d17703726008e0c4a06ec0d80177d1c8085?s=96&d=mm&r=g","url":"https:\/\/secure.gravatar.com\/avatar\/67a23684791b50bc1027ff7e22bc8d17703726008e0c4a06ec0d80177d1c8085?s=96&d=mm&r=g","contentUrl":"https:\/\/secure.gravatar.com\/avatar\/67a23684791b50bc1027ff7e22bc8d17703726008e0c4a06ec0d80177d1c8085?s=96&d=mm&r=g","caption":"NCS Group"},"url":"https:\/\/ncsgroup.eu\/lv\/author\/ncs-group\/"}]}},"rttpg_featured_image_url":{"full":["https:\/\/ncsgroup.eu\/wp-content\/uploads\/2024\/07\/post-1_image0-51-scaled.jpg",2560,1605,false],"landscape":["https:\/\/ncsgroup.eu\/wp-content\/uploads\/2024\/07\/post-1_image0-51-scaled.jpg",2560,1605,false],"portraits":["https:\/\/ncsgroup.eu\/wp-content\/uploads\/2024\/07\/post-1_image0-51-scaled.jpg",2560,1605,false],"thumbnail":["https:\/\/ncsgroup.eu\/wp-content\/uploads\/2024\/07\/post-1_image0-51-150x150.jpg",150,150,true],"medium":["https:\/\/ncsgroup.eu\/wp-content\/uploads\/2024\/07\/post-1_image0-51-300x188.jpg",300,188,true],"large":["https:\/\/ncsgroup.eu\/wp-content\/uploads\/2024\/07\/post-1_image0-51-1024x642.jpg",1024,642,true],"1536x1536":["https:\/\/ncsgroup.eu\/wp-content\/uploads\/2024\/07\/post-1_image0-51-1536x963.jpg",1536,963,true],"2048x2048":["https:\/\/ncsgroup.eu\/wp-content\/uploads\/2024\/07\/post-1_image0-51-2048x1284.jpg",2048,1284,true]},"rttpg_author":{"display_name":"NCS Group","author_link":"https:\/\/ncsgroup.eu\/lv\/author\/ncs-group\/"},"rttpg_comment":0,"rttpg_category":"<a href=\"https:\/\/ncsgroup.eu\/lv\/category\/uncategorized-lv\/\" rel=\"category tag\">Uncategorized @lv<\/a>","rttpg_excerpt":"PAR\u012aZES NOTRE-DAME KATEDR\u0100LEI PIE\u0160\u0136IRTS PEFC PROJEKTA 2019. gada 15. apr\u012bl\u012b Notre-Dame katedr\u0101li smagi sk\u0101ra ugunsgr\u0113ks. Ugunsgr\u0113ks izn\u012bcin\u0101ja 13. gadsimta zvanu tor\u0146a un kora b\u0113ni\u0146u viduslaiku karkasu, k\u0101 ar\u012b 19. gadsimta Viollet-le-Duc torni un transeptu. Nedaudz vair\u0101k nek\u0101 piecus gadus p\u0113c posto\u0161\u0101 ugunsgr\u0113ka PEFC pie\u0161\u0137\u012bra PEFC projekta sertifik\u0101tu Reb\u00e2tir Notre-Dame de Paris, Francijas katedr\u0101les atjauno\u0161anas projekta&hellip;","_links":{"self":[{"href":"https:\/\/ncsgroup.eu\/lv\/wp-json\/wp\/v2\/posts\/6330","targetHints":{"allow":["GET"]}}],"collection":[{"href":"https:\/\/ncsgroup.eu\/lv\/wp-json\/wp\/v2\/posts"}],"about":[{"href":"https:\/\/ncsgroup.eu\/lv\/wp-json\/wp\/v2\/types\/post"}],"author":[{"embeddable":true,"href":"https:\/\/ncsgroup.eu\/lv\/wp-json\/wp\/v2\/users\/5"}],"replies":[{"embeddable":true,"href":"https:\/\/ncsgroup.eu\/lv\/wp-json\/wp\/v2\/comments?post=6330"}],"version-history":[{"count":5,"href":"https:\/\/ncsgroup.eu\/lv\/wp-json\/wp\/v2\/posts\/6330\/revisions"}],"predecessor-version":[{"id":7834,"href":"https:\/\/ncsgroup.eu\/lv\/wp-json\/wp\/v2\/posts\/6330\/revisions\/7834"}],"wp:featuredmedia":[{"embeddable":true,"href":"https:\/\/ncsgroup.eu\/lv\/wp-json\/wp\/v2\/media\/6317"}],"wp:attachment":[{"href":"https:\/\/ncsgroup.eu\/lv\/wp-json\/wp\/v2\/media?parent=6330"}],"wp:term":[{"taxonomy":"category","embeddable":true,"href":"https:\/\/ncsgroup.eu\/lv\/wp-json\/wp\/v2\/categories?post=6330"},{"taxonomy":"post_tag","embeddable":true,"href":"https:\/\/ncsgroup.eu\/lv\/wp-json\/wp\/v2\/tags?post=6330"}],"curies":[{"name":"wp","href":"https:\/\/api.w.org\/{rel}","templated":true}]}}